[{"@context":"https:\/\/schema.org\/","@type":"Article","@id":"https:\/\/www.kruhzitko.cz\/vas-velky-den\/#Article","mainEntityOfPage":"https:\/\/www.kruhzitko.cz\/vas-velky-den\/","headline":"V\u00e1\u0161 velk\u00fd den","name":"V\u00e1\u0161 velk\u00fd den","description":"Nejv\u00edce se v\u0161echny nev\u011bsty jist\u011b t\u011b\u0161\u00ed na vyb\u00edr\u00e1n\u00ed svatebn\u00edch \u0161at\u016f, na hezk\u00fd \u00fa\u010des a barevn\u011b lad\u00edc\u00ed kv\u011btinu. V\u0161echny p\u0159\u00edpravy sm\u011b\u0159uj\u00ed k jednomu jedin\u00e9mu vytou\u017een\u00e9mu letn\u00edmu dni, kter\u00fd mus\u00ed b\u00fdt perfektn\u00ed po v\u0161ech str\u00e1nk\u00e1ch. Dobr\u00e9 j\u00eddlo, spr\u00e1vn\u011b vychlazen\u00e9 n\u00e1poje, \u00fa\u017easn\u00e1 kapela. Ale v\u0161echny tyto v\u011bci trvaj\u00ed jen jedin\u00fd den. Co bude tento den p\u0159ipom\u00ednat cel\u00fd \u017eivot? [&hellip;]","datePublished":"2025-09-05","dateModified":"2025-09-05","author":{"@type":"Person","@id":"https:\/\/www.kruhzitko.cz\/author\/#Person","name":"","url":"https:\/\/www.kruhzitko.cz\/author\/","identifier":1,"image":{"@type":"ImageObject","@id":"https:\/\/secure.gravatar.com\/avatar\/04053961f5a3d2af1f56d865c7fc774bb6a80b9754b2f4c57fa4f8cefa253bd4?s=96&d=mm&r=g","url":"https:\/\/secure.gravatar.com\/avatar\/04053961f5a3d2af1f56d865c7fc774bb6a80b9754b2f4c57fa4f8cefa253bd4?s=96&d=mm&r=g","height":96,"width":96}},"publisher":{"@type":"Organization","name":"kruhzitko.cz","logo":{"@type":"ImageObject","@id":"\/logo.png","url":"\/logo.png","width":600,"height":60}},"url":"https:\/\/www.kruhzitko.cz\/vas-velky-den\/","wordCount":163,"articleBody":" Nejv\u00edce se v\u0161echny nev\u011bsty jist\u011b t\u011b\u0161\u00ed na vyb\u00edr\u00e1n\u00ed svatebn\u00edch \u0161at\u016f, na hezk\u00fd \u00fa\u010des a barevn\u011b lad\u00edc\u00ed kv\u011btinu. V\u0161echny p\u0159\u00edpravy sm\u011b\u0159uj\u00ed k jednomu jedin\u00e9mu vytou\u017een\u00e9mu letn\u00edmu dni, kter\u00fd mus\u00ed b\u00fdt perfektn\u00ed po v\u0161ech str\u00e1nk\u00e1ch. Dobr\u00e9 j\u00eddlo, spr\u00e1vn\u011b vychlazen\u00e9 n\u00e1poje, \u00fa\u017easn\u00e1 kapela. Ale v\u0161echny tyto v\u011bci trvaj\u00ed jen jedin\u00fd den. Co bude tento den p\u0159ipom\u00ednat cel\u00fd \u017eivot? P\u0159eci va\u0161e snubn\u00ed prsteny. V\u011bnujte jejich v\u00fdb\u011bru dostate\u010dnou p\u00e9\u010di. Budete je nosit ka\u017ed\u00fd den po zbytek \u017eivota. Jak vybrat ty prav\u00e9? \u017dlut\u00e9 zlato je nest\u00e1rnouc\u00ed klasikou, b\u00edl\u00e9 zlato zase p\u016fsob\u00ed modern\u011b. Snubn\u00ed prsten budete nosit ka\u017ed\u00fd den, vyb\u00edrejte tak, aby se hodil k ostatn\u00edm \u0161perk\u016fm, kter\u00e9 nos\u00edte. N\u00e1u\u0161nice, \u0159et\u00edzky, n\u00e1ramky. \u017de jsou sp\u00ed\u0161e st\u0159\u00edbrn\u00e9? Volte rad\u011bji b\u00edl\u00e9 zlato!                                                                                                                                                                                                                                                                                                                                                                                                "},{"@context":"https:\/\/schema.org\/","@type":"BreadcrumbList","itemListElement":[{"@type":"ListItem","position":1,"name":"V\u00e1\u0161 velk\u00fd den","item":"https:\/\/www.kruhzitko.cz\/vas-velky-den\/#breadcrumbitem"}]}]