{"@context":"https:\/\/schema.org\/","@type":"CollectionPage","@id":"https:\/\/www.kruhzitko.cz\/deti\/#CollectionPage","headline":"D\u011bti Category","description":"","url":"https:\/\/www.kruhzitko.cz\/deti\/","hasPart":[{"@type":"Article","@id":"https:\/\/www.kruhzitko.cz\/udelejte-v-kupovani-darku-vyjimku\/","headline":"Ud\u011blejte v kupov\u00e1n\u00ed d\u00e1rk\u016f vyj\u00edmku","url":"https:\/\/www.kruhzitko.cz\/udelejte-v-kupovani-darku-vyjimku\/","datePublished":"2024-05-29","dateModified":"2024-05-29","mainEntityOfPage":"https:\/\/www.kruhzitko.cz\/udelejte-v-kupovani-darku-vyjimku\/","author":{"@type":"Person","@id":"https:\/\/www.kruhzitko.cz\/author\/#Person","name":"","url":"https:\/\/www.kruhzitko.cz\/author\/","identifier":1,"image":{"@type":"ImageObject","@id":"https:\/\/secure.gravatar.com\/avatar\/04053961f5a3d2af1f56d865c7fc774bb6a80b9754b2f4c57fa4f8cefa253bd4?s=96&d=mm&r=g","url":"https:\/\/secure.gravatar.com\/avatar\/04053961f5a3d2af1f56d865c7fc774bb6a80b9754b2f4c57fa4f8cefa253bd4?s=96&d=mm&r=g","height":96,"width":96}},"publisher":{"@type":"Organization","name":"kruhzitko.cz","logo":{"@type":"ImageObject","@id":"\/logo.png","url":"\/logo.png","width":600,"height":60}},"image":{"@type":"ImageObject","@id":"https:\/\/www.kruhzitko.cz\/wp-content\/uploads\/sourozenci_10_1.jpg","url":"https:\/\/www.kruhzitko.cz\/wp-content\/uploads\/sourozenci_10_1.jpg","height":0,"width":0},"keywords":null},{"@type":"Article","@id":"https:\/\/www.kruhzitko.cz\/kdyz-deti-zacne-neco-bavit\/","headline":"Kdy\u017e d\u011bti za\u010dne n\u011bco bavit&#8230;","url":"https:\/\/www.kruhzitko.cz\/kdyz-deti-zacne-neco-bavit\/","datePublished":"2022-10-17","dateModified":"2023-05-31","mainEntityOfPage":"https:\/\/www.kruhzitko.cz\/kdyz-deti-zacne-neco-bavit\/","author":{"@type":"Person","@id":"https:\/\/www.kruhzitko.cz\/author\/#Person","name":"","url":"https:\/\/www.kruhzitko.cz\/author\/","identifier":1,"image":{"@type":"ImageObject","@id":"https:\/\/secure.gravatar.com\/avatar\/04053961f5a3d2af1f56d865c7fc774bb6a80b9754b2f4c57fa4f8cefa253bd4?s=96&d=mm&r=g","url":"https:\/\/secure.gravatar.com\/avatar\/04053961f5a3d2af1f56d865c7fc774bb6a80b9754b2f4c57fa4f8cefa253bd4?s=96&d=mm&r=g","height":96,"width":96}},"publisher":{"@type":"Organization","name":"kruhzitko.cz","logo":{"@type":"ImageObject","@id":"\/logo.png","url":"\/logo.png","width":600,"height":60}},"image":{"@type":"ImageObject","@id":"https:\/\/www.kruhzitko.cz\/wp-content\/uploads\/d%C4%9Bt_6.JPG","url":"https:\/\/www.kruhzitko.cz\/wp-content\/uploads\/d%C4%9Bt_6.JPG","height":0,"width":0},"keywords":null},{"@type":"Article","@id":"https:\/\/www.kruhzitko.cz\/nejlepsi-priprava-pro-predskolaky\/","headline":"Nejlep\u0161\u00ed p\u0159\u00edprava pro p\u0159ed\u0161kol\u00e1ky","url":"https:\/\/www.kruhzitko.cz\/nejlepsi-priprava-pro-predskolaky\/","datePublished":"2022-03-17","dateModified":"2023-05-31","mainEntityOfPage":"https:\/\/www.kruhzitko.cz\/nejlepsi-priprava-pro-predskolaky\/","author":{"@type":"Person","@id":"https:\/\/www.kruhzitko.cz\/author\/#Person","name":"","url":"https:\/\/www.kruhzitko.cz\/author\/","identifier":1,"image":{"@type":"ImageObject","@id":"https:\/\/secure.gravatar.com\/avatar\/04053961f5a3d2af1f56d865c7fc774bb6a80b9754b2f4c57fa4f8cefa253bd4?s=96&d=mm&r=g","url":"https:\/\/secure.gravatar.com\/avatar\/04053961f5a3d2af1f56d865c7fc774bb6a80b9754b2f4c57fa4f8cefa253bd4?s=96&d=mm&r=g","height":96,"width":96}},"publisher":{"@type":"Organization","name":"kruhzitko.cz","logo":{"@type":"ImageObject","@id":"\/logo.png","url":"\/logo.png","width":600,"height":60}},"image":{"@type":"ImageObject","@id":"https:\/\/www.kruhzitko.cz\/wp-content\/uploads\/school-cone-g3a798382a_640.jpg","url":"https:\/\/www.kruhzitko.cz\/wp-content\/uploads\/school-cone-g3a798382a_640.jpg","height":0,"width":0},"keywords":null},{"@type":"Article","@id":"https:\/\/www.kruhzitko.cz\/vychova-deti-jaky-styl-vychovy-volime-jdeme-na-to-dobre\/","headline":"V\u00fdchova d\u011bt\u00ed, jak\u00fd styl v\u00fdchovy vol\u00edme? Jdeme na to dob\u0159e?!","url":"https:\/\/www.kruhzitko.cz\/vychova-deti-jaky-styl-vychovy-volime-jdeme-na-to-dobre\/","datePublished":"2021-11-19","dateModified":"2023-05-31","mainEntityOfPage":"https:\/\/www.kruhzitko.cz\/vychova-deti-jaky-styl-vychovy-volime-jdeme-na-to-dobre\/","author":{"@type":"Person","@id":"https:\/\/www.kruhzitko.cz\/author\/#Person","name":"","url":"https:\/\/www.kruhzitko.cz\/author\/","identifier":1,"image":{"@type":"ImageObject","@id":"https:\/\/secure.gravatar.com\/avatar\/04053961f5a3d2af1f56d865c7fc774bb6a80b9754b2f4c57fa4f8cefa253bd4?s=96&d=mm&r=g","url":"https:\/\/secure.gravatar.com\/avatar\/04053961f5a3d2af1f56d865c7fc774bb6a80b9754b2f4c57fa4f8cefa253bd4?s=96&d=mm&r=g","height":96,"width":96}},"publisher":{"@type":"Organization","name":"kruhzitko.cz","logo":{"@type":"ImageObject","@id":"\/logo.png","url":"\/logo.png","width":600,"height":60}},"image":{"@type":"ImageObject","@id":"https:\/\/www.kruhzitko.cz\/wp-content\/uploads\/dna-2566265_960_720.jpg","url":"https:\/\/www.kruhzitko.cz\/wp-content\/uploads\/dna-2566265_960_720.jpg","height":0,"width":0},"keywords":null}]}